{"id":96,"date":"2025-02-28T00:00:00","date_gmt":"2025-02-28T00:00:00","guid":{"rendered":"https:\/\/delphintravel.be\/?p=96"},"modified":"2025-02-28T00:00:00","modified_gmt":"2025-02-28T00:00:00","slug":"quelle-veste-tendance-pour-accompagner-une-robe-noire-pendant-lhiver","status":"publish","type":"post","link":"https:\/\/delphintravel.be\/ro\/quelle-veste-tendance-pour-accompagner-une-robe-noire-pendant-lhiver\/","title":{"rendered":"Quelle veste tendance pour accompagner une robe noire pendant l\u2019hiver?"},"content":{"rendered":"<div class=\"kk-star-ratings kksr-auto kksr-align-left kksr-valign-top\"\n    data-payload='{&quot;align&quot;:&quot;left&quot;,&quot;id&quot;:&quot;96&quot;,&quot;slug&quot;:&quot;default&quot;,&quot;valign&quot;:&quot;top&quot;,&quot;ignore&quot;:&quot;&quot;,&quot;reference&quot;:&quot;auto&quot;,&quot;class&quot;:&quot;&quot;,&quot;count&quot;:&quot;0&quot;,&quot;legendonly&quot;:&quot;&quot;,&quot;readonly&quot;:&quot;&quot;,&quot;score&quot;:&quot;0&quot;,&quot;starsonly&quot;:&quot;&quot;,&quot;best&quot;:&quot;5&quot;,&quot;gap&quot;:&quot;5&quot;,&quot;greet&quot;:&quot;Rate this post&quot;,&quot;legend&quot;:&quot;0\\\/5 - (0 votes)&quot;,&quot;size&quot;:&quot;24&quot;,&quot;title&quot;:&quot;Quelle veste tendance pour accompagner une robe noire pendant l\u2019hiver?&quot;,&quot;width&quot;:&quot;0&quot;,&quot;_legend&quot;:&quot;{score}\\\/{best} - ({count} {votes})&quot;,&quot;font_factor&quot;:&quot;1.25&quot;}'>\n            \n<div class=\"kksr-stars\">\n    \n<div class=\"kksr-stars-inactive\">\n            <div class=\"kksr-star\" data-star=\"1\" style=\"padding-right: 5px\">\n            \n\n<div class=\"kksr-icon\" style=\"width: 24px; height: 24px;\"><\/div>\n        <\/div>\n            <div class=\"kksr-star\" data-star=\"2\" style=\"padding-right: 5px\">\n            \n\n<div class=\"kksr-icon\" style=\"width: 24px; height: 24px;\"><\/div>\n        <\/div>\n            <div class=\"kksr-star\" data-star=\"3\" style=\"padding-right: 5px\">\n            \n\n<div class=\"kksr-icon\" style=\"width: 24px; height: 24px;\"><\/div>\n        <\/div>\n            <div class=\"kksr-star\" data-star=\"4\" style=\"padding-right: 5px\">\n            \n\n<div class=\"kksr-icon\" style=\"width: 24px; height: 24px;\"><\/div>\n        <\/div>\n            <div class=\"kksr-star\" data-star=\"5\" style=\"padding-right: 5px\">\n            \n\n<div class=\"kksr-icon\" style=\"width: 24px; height: 24px;\"><\/div>\n        <\/div>\n    <\/div>\n    \n<div class=\"kksr-stars-active\" style=\"width: 0px;\">\n            <div class=\"kksr-star\" style=\"padding-right: 5px\">\n            \n\n<div class=\"kksr-icon\" style=\"width: 24px; height: 24px;\"><\/div>\n        <\/div>\n            <div class=\"kksr-star\" style=\"padding-right: 5px\">\n            \n\n<div class=\"kksr-icon\" style=\"width: 24px; height: 24px;\"><\/div>\n        <\/div>\n            <div class=\"kksr-star\" style=\"padding-right: 5px\">\n            \n\n<div class=\"kksr-icon\" style=\"width: 24px; height: 24px;\"><\/div>\n        <\/div>\n            <div class=\"kksr-star\" style=\"padding-right: 5px\">\n            \n\n<div class=\"kksr-icon\" style=\"width: 24px; height: 24px;\"><\/div>\n        <\/div>\n            <div class=\"kksr-star\" style=\"padding-right: 5px\">\n            \n\n<div class=\"kksr-icon\" style=\"width: 24px; height: 24px;\"><\/div>\n        <\/div>\n    <\/div>\n<\/div>\n                \n\n<div class=\"kksr-legend\" style=\"font-size: 19.2px;\">\n            <span class=\"kksr-muted\">Evalueaz\u0103 aceast\u0103 postare<\/span>\n    <\/div>\n    <\/div>\n<p> L&rsquo;hiver est une saison o\u00f9 le style et le confort doivent aller de pair. Quand il fait froid, il peut \u00eatre tentant de se rabattre sur des v\u00eatements chauds mais aust\u00e8res. Cependant, la robe noire, un incontournable de la mode, peut s&rsquo;associer \u00e0 diverses vestes pour cr\u00e9er un look \u00e0 la fois \u00e9l\u00e9gant et douillet. Vous serez surprise de voir \u00e0 quel point le bon choix de veste peut transformer votre tenue. Que ce soit pour une journ\u00e9e au bureau ou pour un d\u00eener \u00e9l\u00e9gant, il existe des options adapt\u00e9es \u00e0 chaque occasion. Explorons ensemble les meilleures vestes tendance qui sublimeront votre robe noire cet hiver. <\/p>\n<h2>Les diff\u00e9rents styles de vestes \u00e0 consid\u00e9rer<\/h2>\n<p><img decoding=\"async\" alt=\"Une femme avec une veste en cuir tient une tasse de caf\u00e9 dans un caf\u00e9 en ext\u00e9rieur, sous la neige.\" src=\"https:\/\/delphintravel.be\/wp-content\/uploads\/2025\/02\/image6e32f6f5773c4a8d94c6b8fb3c132dfc.png\"\/><\/p>\n<p> Adopter un style vestimentaire qui refl\u00e8te votre personnalit\u00e9 tout en vous gardant au chaud est essentiel. Les vestes qui accompagnent une robe noire peuvent varier grandement en style, chacune apportant sa propre touche unique. D\u00e8s lors, identifier quel type de veste r\u00e9pond le mieux \u00e0 vos attentes est crucial. Voici quelques styles incontournables \u00e0 envisager : <\/p>\n<ul>\n<li>Manteaux longs<\/li>\n<li>Blousons en cuir<\/li>\n<li>Trench-coats<\/li>\n<li>Parka<\/li>\n<\/ul>\n<p> Chacun de ces styles poss\u00e8de ses avantages. Les manteaux longs offrent une silhouette \u00e9lanc\u00e9e, tandis que les blousons en cuir peuvent ajouter une touche rebelle. Les trench-coats, quant \u00e0 eux, sont parfaits pour un look sophistiqu\u00e9 et intemporel. Pour les journ\u00e9es les plus froides, pensez aux parkas qui allient chaleur et style. Cependant, il est important de choisir des pi\u00e8ces qui non seulement vous prot\u00e8gent du froid mais qui vous mettent \u00e9galement en valeur. <\/p>\n<h2>Les tissus \u00e0 privil\u00e9gier<\/h2>\n<p><img decoding=\"async\" alt=\"Une femme \u00e9l\u00e9gante en manteau gris et lunettes de soleil se tient dans une ville moderne ensoleill\u00e9e.\" src=\"https:\/\/delphintravel.be\/wp-content\/uploads\/2025\/02\/image3e0a665df52d4e9dad465a44b21a890f.png\"\/><\/p>\n<p> Lorsqu&rsquo;il s&rsquo;agit de vestes d&rsquo;hiver, le choix du tissu est tout aussi crucial que le style. En hiver, certains mat\u00e9riaux sont nettement plus adapt\u00e9s. Non seulement ils apportent chaleur, mais ils ajoutent \u00e9galement une texture int\u00e9ressante \u00e0 votre tenue. Voici quelques tissus \u00e0 privil\u00e9gier pour vos vestes hivernales : <\/p>\n<ul>\n<li>La laine<\/li>\n<li>Le velours<\/li>\n<li>Les mati\u00e8res techniques<\/li>\n<\/ul>\n<table border=\"1\">\n<tr>\n<td>Tissu<\/td>\n<td>Caracteristici<\/td>\n<\/tr>\n<tr>\n<td>La laine<\/td>\n<td>Chaleur, respirabilit\u00e9<\/td>\n<\/tr>\n<tr>\n<td>Catifea<\/td>\n<td>Texture luxueuse, \u00e9l\u00e9gante<\/td>\n<\/tr>\n<tr>\n<td>Mati\u00e8res techniques<\/td>\n<td>Confort, chaleur, tendance<\/td>\n<\/tr>\n<\/table>\n<p> Ce tableau r\u00e9capitule les principales caract\u00e9ristiques de chaque tissu, facilitant ainsi votre choix au moment de vous habiller. La laine, par exemple, est souvent consid\u00e9r\u00e9e comme le meilleur choix pour sa chaleur, tandis que le velours apportera une touche de luxe in\u00e9gal\u00e9e. Enfin, les mati\u00e8res techniques sont parfaites pour celles qui souhaitent conjuguer performance et style. S\u00e9lectionner le bon tissu peut compl\u00e8tement changer la dynamique d&rsquo;une pr\u00e9sentation. <\/p>\n<h2>Les couleurs et motifs tendance<\/h2>\n<p> En hiver, il est essentiel de porter des couleurs et des motifs qui se d\u00e9marquent. Une robe noire offre une toile de fond parfaite pour exp\u00e9rimenter avec des couleurs vives et des motifs amusants. Par exemple, une veste rouge ou verte peut cr\u00e9er un contraste frappant tout en ajoutant de la vie \u00e0 votre garde-robe hivernale. De plus, les motifs, comme les carreaux, sont en pleine vogue cette saison. <\/p>\n<ul>\n<li>Couleurs vives : rouge, vert \u00e9meraude, bleu royal<\/li>\n<li>Motifs tendance : carreaux, fleurs, abstraits<\/li>\n<li>Combinaisons referm\u00e9es : pastel avec noir<\/li>\n<\/ul>\n<h2>Concluzie<\/h2>\n<p> Choisir la bonne veste pour accompagner une robe noire pendant l\u2019hiver peut faire toute la diff\u00e9rence dans votre style. Que vous pr\u00e9f\u00e9riez un manteau long, un blouson en cuir ou un trench-coat, il existe une multitude d\u2019options pour s&rsquo;adapter \u00e0 votre personnalit\u00e9. Pensez \u00e9galement aux tissus, couleurs et motifs pour parfaire votre garde-robe hivernale. En faisant preuve de cr\u00e9ativit\u00e9 et en oser des associations de styles, vous pouvez \u00eatre non seulement \u00e0 la mode mais aussi confortable. L&rsquo;hiver n&rsquo;aura plus jamais cet air monotone si vous suivez ces conseils. <\/p>\n<h2>\u00centreb\u0103ri frecvente<\/h2>\n<ul>\n<li><strong>Quelle veste est la plus chaude pour l&rsquo;hiver ?<\/strong> Les manteaux en laine ou les vestes doubl\u00e9es sont g\u00e9n\u00e9ralement les plus chauds.<\/li>\n<li><strong>Peut-on porter un blouson en cuir avec une robe noire ?<\/strong> Oui, un blouson en cuir ajoute une touche edgy \u00e0 une robe noire classique.<\/li>\n<li><strong>Quels accessoires choisir avec une robe noire et une veste ?<\/strong> Des accessoires comme une \u00e9charpe color\u00e9e ou un bonnet peuvent compl\u00e9ter la tenue tout en apportant chaleur.<\/li>\n<li><strong>Les trench-coats sont-ils adapt\u00e9s pour des occasions formelles ?<\/strong> Oui, les trench-coats peuvent \u00eatre tr\u00e8s \u00e9l\u00e9gants et appropri\u00e9s pour des occasions formelles.<\/li>\n<\/ul>","protected":false},"excerpt":{"rendered":"<p>L&rsquo;hiver est une saison o\u00f9 le style et le confort doivent aller de pair. Quand il fait froid, il peut \u00eatre tentant de se&#46;&#46;&#46;<\/p>","protected":false},"author":1,"featured_media":63,"comment_status":"open","ping_status":"open","sticky":false,"template":"","format":"standard","meta":{"_acf_changed":false,"footnotes":""},"categories":[1],"tags":[],"class_list":["post-96","post","type-post","status-publish","format-standard","has-post-thumbnail","hentry","category-blog"],"acf":[],"yoast_head":"<!-- This site is optimized with the Yoast SEO plugin v23.2 - https:\/\/yoast.com\/wordpress\/plugins\/seo\/ -->\n<title>Quelle Veste Tendance Choisir pour Accompagner Votre Robe Noire en Hiver ?<\/title>\n<meta name=\"description\" content=\"D\u00e9couvrez les vestes tendance qui sublimeront votre robe noire cet hiver, avec des conseils sur styles, tissus et couleurs.\" \/>\n<meta name=\"robots\" content=\"index, follow, max-snippet:-1, max-image-preview:large, max-video-preview:-1\" \/>\n<link rel=\"canonical\" href=\"https:\/\/delphintravel.be\/ro\/quelle-veste-tendance-pour-accompagner-une-robe-noire-pendant-lhiver\/\" \/>\n<meta property=\"og:locale\" content=\"ro_RO\" \/>\n<meta property=\"og:type\" content=\"article\" \/>\n<meta property=\"og:title\" content=\"Quelle Veste Tendance Choisir pour Accompagner Votre Robe Noire en Hiver ?\" \/>\n<meta property=\"og:description\" content=\"D\u00e9couvrez les vestes tendance qui sublimeront votre robe noire cet hiver, avec des conseils sur styles, tissus et couleurs.\" \/>\n<meta property=\"og:url\" content=\"https:\/\/delphintravel.be\/ro\/quelle-veste-tendance-pour-accompagner-une-robe-noire-pendant-lhiver\/\" \/>\n<meta property=\"og:site_name\" content=\"delphintravel.be\" \/>\n<meta property=\"article:published_time\" content=\"2025-02-28T00:00:00+00:00\" \/>\n<meta property=\"og:image\" content=\"https:\/\/delphintravel.be\/wp-content\/uploads\/2025\/02\/image53ff3cf1bbe3430bbbbe04490ed4a669.png\" \/>\n\t<meta property=\"og:image:width\" content=\"1024\" \/>\n\t<meta property=\"og:image:height\" content=\"768\" \/>\n\t<meta property=\"og:image:type\" content=\"image\/png\" \/>\n<meta name=\"author\" content=\"Sophie Renard\" \/>\n<meta name=\"twitter:card\" content=\"summary_large_image\" \/>\n<meta name=\"twitter:label1\" content=\"Scris de\" \/>\n\t<meta name=\"twitter:data1\" content=\"Sophie Renard\" \/>\n\t<meta name=\"twitter:label2\" content=\"Timp estimat pentru citire\" \/>\n\t<meta name=\"twitter:data2\" content=\"3 minute\" \/>\n<script type=\"application\/ld+json\" class=\"yoast-schema-graph\">{\"@context\":\"https:\/\/schema.org\",\"@graph\":[{\"@type\":\"WebPage\",\"@id\":\"https:\/\/delphintravel.be\/quelle-veste-tendance-pour-accompagner-une-robe-noire-pendant-lhiver\/\",\"url\":\"https:\/\/delphintravel.be\/quelle-veste-tendance-pour-accompagner-une-robe-noire-pendant-lhiver\/\",\"name\":\"Quelle Veste Tendance Choisir pour Accompagner Votre Robe Noire en Hiver ?\",\"isPartOf\":{\"@id\":\"https:\/\/delphintravel.be\/#website\"},\"primaryImageOfPage\":{\"@id\":\"https:\/\/delphintravel.be\/quelle-veste-tendance-pour-accompagner-une-robe-noire-pendant-lhiver\/#primaryimage\"},\"image\":{\"@id\":\"https:\/\/delphintravel.be\/quelle-veste-tendance-pour-accompagner-une-robe-noire-pendant-lhiver\/#primaryimage\"},\"thumbnailUrl\":\"https:\/\/delphintravel.be\/wp-content\/uploads\/2025\/02\/image53ff3cf1bbe3430bbbbe04490ed4a669.png\",\"datePublished\":\"2025-02-28T00:00:00+00:00\",\"dateModified\":\"2025-02-28T00:00:00+00:00\",\"author\":{\"@id\":\"https:\/\/delphintravel.be\/#\/schema\/person\/0941e65049164954c8d22f2db869734d\"},\"description\":\"D\u00e9couvrez les vestes tendance qui sublimeront votre robe noire cet hiver, avec des conseils sur styles, tissus et couleurs.\",\"breadcrumb\":{\"@id\":\"https:\/\/delphintravel.be\/quelle-veste-tendance-pour-accompagner-une-robe-noire-pendant-lhiver\/#breadcrumb\"},\"inLanguage\":\"ro-RO\",\"potentialAction\":[{\"@type\":\"ReadAction\",\"target\":[\"https:\/\/delphintravel.be\/quelle-veste-tendance-pour-accompagner-une-robe-noire-pendant-lhiver\/\"]}]},{\"@type\":\"ImageObject\",\"inLanguage\":\"ro-RO\",\"@id\":\"https:\/\/delphintravel.be\/quelle-veste-tendance-pour-accompagner-une-robe-noire-pendant-lhiver\/#primaryimage\",\"url\":\"https:\/\/delphintravel.be\/wp-content\/uploads\/2025\/02\/image53ff3cf1bbe3430bbbbe04490ed4a669.png\",\"contentUrl\":\"https:\/\/delphintravel.be\/wp-content\/uploads\/2025\/02\/image53ff3cf1bbe3430bbbbe04490ed4a669.png\",\"width\":1024,\"height\":768},{\"@type\":\"BreadcrumbList\",\"@id\":\"https:\/\/delphintravel.be\/quelle-veste-tendance-pour-accompagner-une-robe-noire-pendant-lhiver\/#breadcrumb\",\"itemListElement\":[{\"@type\":\"ListItem\",\"position\":1,\"name\":\"Home\",\"item\":\"https:\/\/delphintravel.be\/\"},{\"@type\":\"ListItem\",\"position\":2,\"name\":\"Quelle veste tendance pour accompagner une robe noire pendant l\u2019hiver?\"}]},{\"@type\":\"WebSite\",\"@id\":\"https:\/\/delphintravel.be\/#website\",\"url\":\"https:\/\/delphintravel.be\/\",\"name\":\"delphintravel.be\",\"description\":\"L&#039;Essentiel de la Mode | Restez \u00e9l\u00e9gants gr\u00e2ce \u00e0 nos conseils\",\"potentialAction\":[{\"@type\":\"SearchAction\",\"target\":{\"@type\":\"EntryPoint\",\"urlTemplate\":\"https:\/\/delphintravel.be\/?s={search_term_string}\"},\"query-input\":\"required name=search_term_string\"}],\"inLanguage\":\"ro-RO\"},{\"@type\":\"Person\",\"@id\":\"https:\/\/delphintravel.be\/#\/schema\/person\/0941e65049164954c8d22f2db869734d\",\"name\":\"Sophie Renard\",\"image\":{\"@type\":\"ImageObject\",\"inLanguage\":\"ro-RO\",\"@id\":\"https:\/\/delphintravel.be\/#\/schema\/person\/image\/\",\"url\":\"https:\/\/delphintravel.be\/wp-content\/uploads\/2025\/02\/xjguelxaus3_ad_avatar-96x96.jpg\",\"contentUrl\":\"https:\/\/delphintravel.be\/wp-content\/uploads\/2025\/02\/xjguelxaus3_ad_avatar-96x96.jpg\",\"caption\":\"Sophie Renard\"},\"description\":\"Sophie Renard, passionn\u00e9e de mode depuis son enfance \u00e0 Marseille, allie \u00e9l\u00e9gance, confort et originalit\u00e9 dans ses analyses et conseils. Dipl\u00f4m\u00e9e en stylisme et communication, elle a travaill\u00e9 avec des cr\u00e9ateurs et des magazines sp\u00e9cialis\u00e9s.\",\"url\":\"https:\/\/delphintravel.be\/ro\/author\/sophie-renard\/\"}]}<\/script>\n<!-- \/ Yoast SEO plugin. -->","yoast_head_json":{"title":"Quelle Veste Tendance Choisir pour Accompagner Votre Robe Noire en Hiver ?","description":"D\u00e9couvrez les vestes tendance qui sublimeront votre robe noire cet hiver, avec des conseils sur styles, tissus et couleurs.","robots":{"index":"index","follow":"follow","max-snippet":"max-snippet:-1","max-image-preview":"max-image-preview:large","max-video-preview":"max-video-preview:-1"},"canonical":"https:\/\/delphintravel.be\/ro\/quelle-veste-tendance-pour-accompagner-une-robe-noire-pendant-lhiver\/","og_locale":"ro_RO","og_type":"article","og_title":"Quelle Veste Tendance Choisir pour Accompagner Votre Robe Noire en Hiver ?","og_description":"D\u00e9couvrez les vestes tendance qui sublimeront votre robe noire cet hiver, avec des conseils sur styles, tissus et couleurs.","og_url":"https:\/\/delphintravel.be\/ro\/quelle-veste-tendance-pour-accompagner-une-robe-noire-pendant-lhiver\/","og_site_name":"delphintravel.be","article_published_time":"2025-02-28T00:00:00+00:00","og_image":[{"width":1024,"height":768,"url":"https:\/\/delphintravel.be\/wp-content\/uploads\/2025\/02\/image53ff3cf1bbe3430bbbbe04490ed4a669.png","type":"image\/png"}],"author":"Sophie Renard","twitter_card":"summary_large_image","twitter_misc":{"Scris de":"Sophie Renard","Timp estimat pentru citire":"3 minute"},"schema":{"@context":"https:\/\/schema.org","@graph":[{"@type":"WebPage","@id":"https:\/\/delphintravel.be\/quelle-veste-tendance-pour-accompagner-une-robe-noire-pendant-lhiver\/","url":"https:\/\/delphintravel.be\/quelle-veste-tendance-pour-accompagner-une-robe-noire-pendant-lhiver\/","name":"Quelle Veste Tendance Choisir pour Accompagner Votre Robe Noire en Hiver ?","isPartOf":{"@id":"https:\/\/delphintravel.be\/#website"},"primaryImageOfPage":{"@id":"https:\/\/delphintravel.be\/quelle-veste-tendance-pour-accompagner-une-robe-noire-pendant-lhiver\/#primaryimage"},"image":{"@id":"https:\/\/delphintravel.be\/quelle-veste-tendance-pour-accompagner-une-robe-noire-pendant-lhiver\/#primaryimage"},"thumbnailUrl":"https:\/\/delphintravel.be\/wp-content\/uploads\/2025\/02\/image53ff3cf1bbe3430bbbbe04490ed4a669.png","datePublished":"2025-02-28T00:00:00+00:00","dateModified":"2025-02-28T00:00:00+00:00","author":{"@id":"https:\/\/delphintravel.be\/#\/schema\/person\/0941e65049164954c8d22f2db869734d"},"description":"D\u00e9couvrez les vestes tendance qui sublimeront votre robe noire cet hiver, avec des conseils sur styles, tissus et couleurs.","breadcrumb":{"@id":"https:\/\/delphintravel.be\/quelle-veste-tendance-pour-accompagner-une-robe-noire-pendant-lhiver\/#breadcrumb"},"inLanguage":"ro-RO","potentialAction":[{"@type":"ReadAction","target":["https:\/\/delphintravel.be\/quelle-veste-tendance-pour-accompagner-une-robe-noire-pendant-lhiver\/"]}]},{"@type":"ImageObject","inLanguage":"ro-RO","@id":"https:\/\/delphintravel.be\/quelle-veste-tendance-pour-accompagner-une-robe-noire-pendant-lhiver\/#primaryimage","url":"https:\/\/delphintravel.be\/wp-content\/uploads\/2025\/02\/image53ff3cf1bbe3430bbbbe04490ed4a669.png","contentUrl":"https:\/\/delphintravel.be\/wp-content\/uploads\/2025\/02\/image53ff3cf1bbe3430bbbbe04490ed4a669.png","width":1024,"height":768},{"@type":"BreadcrumbList","@id":"https:\/\/delphintravel.be\/quelle-veste-tendance-pour-accompagner-une-robe-noire-pendant-lhiver\/#breadcrumb","itemListElement":[{"@type":"ListItem","position":1,"name":"Home","item":"https:\/\/delphintravel.be\/"},{"@type":"ListItem","position":2,"name":"Quelle veste tendance pour accompagner une robe noire pendant l\u2019hiver?"}]},{"@type":"WebSite","@id":"https:\/\/delphintravel.be\/#website","url":"https:\/\/delphintravel.be\/","name":"delphintravel.be","description":"L&#039;Essentiel de la Mode | Restez \u00e9l\u00e9gants gr\u00e2ce \u00e0 nos conseils","potentialAction":[{"@type":"SearchAction","target":{"@type":"EntryPoint","urlTemplate":"https:\/\/delphintravel.be\/?s={search_term_string}"},"query-input":"required name=search_term_string"}],"inLanguage":"ro-RO"},{"@type":"Person","@id":"https:\/\/delphintravel.be\/#\/schema\/person\/0941e65049164954c8d22f2db869734d","name":"Sophie Renard","image":{"@type":"ImageObject","inLanguage":"ro-RO","@id":"https:\/\/delphintravel.be\/#\/schema\/person\/image\/","url":"https:\/\/delphintravel.be\/wp-content\/uploads\/2025\/02\/xjguelxaus3_ad_avatar-96x96.jpg","contentUrl":"https:\/\/delphintravel.be\/wp-content\/uploads\/2025\/02\/xjguelxaus3_ad_avatar-96x96.jpg","caption":"Sophie Renard"},"description":"Sophie Renard, passionn\u00e9e de mode depuis son enfance \u00e0 Marseille, allie \u00e9l\u00e9gance, confort et originalit\u00e9 dans ses analyses et conseils. Dipl\u00f4m\u00e9e en stylisme et communication, elle a travaill\u00e9 avec des cr\u00e9ateurs et des magazines sp\u00e9cialis\u00e9s.","url":"https:\/\/delphintravel.be\/ro\/author\/sophie-renard\/"}]}},"yoast_meta":{"yoast_wpseo_title":"","yoast_wpseo_metadesc":"","yoast_wpseo_canonical":"https:\/\/delphintravel.be\/ro\/wp-json\/wp\/v2\/posts\/96"},"_links":{"self":[{"href":"https:\/\/delphintravel.be\/ro\/wp-json\/wp\/v2\/posts\/96","targetHints":{"allow":["GET"]}}],"collection":[{"href":"https:\/\/delphintravel.be\/ro\/wp-json\/wp\/v2\/posts"}],"about":[{"href":"https:\/\/delphintravel.be\/ro\/wp-json\/wp\/v2\/types\/post"}],"author":[{"embeddable":true,"href":"https:\/\/delphintravel.be\/ro\/wp-json\/wp\/v2\/users\/1"}],"replies":[{"embeddable":true,"href":"https:\/\/delphintravel.be\/ro\/wp-json\/wp\/v2\/comments?post=96"}],"version-history":[{"count":1,"href":"https:\/\/delphintravel.be\/ro\/wp-json\/wp\/v2\/posts\/96\/revisions"}],"predecessor-version":[{"id":112,"href":"https:\/\/delphintravel.be\/ro\/wp-json\/wp\/v2\/posts\/96\/revisions\/112"}],"wp:featuredmedia":[{"embeddable":true,"href":"https:\/\/delphintravel.be\/ro\/wp-json\/wp\/v2\/media\/63"}],"wp:attachment":[{"href":"https:\/\/delphintravel.be\/ro\/wp-json\/wp\/v2\/media?parent=96"}],"wp:term":[{"taxonomy":"category","embeddable":true,"href":"https:\/\/delphintravel.be\/ro\/wp-json\/wp\/v2\/categories?post=96"},{"taxonomy":"post_tag","embeddable":true,"href":"https:\/\/delphintravel.be\/ro\/wp-json\/wp\/v2\/tags?post=96"}],"curies":[{"name":"wp","href":"https:\/\/api.w.org\/{rel}","templated":true}]}}