{"id":24,"date":"2025-01-22T00:00:00","date_gmt":"2025-01-22T00:00:00","guid":{"rendered":"https:\/\/delphintravel.be\/?p=24"},"modified":"2025-04-02T15:03:35","modified_gmt":"2025-04-02T14:03:35","slug":"tendance-mode-printemps-ete-2025-les-motifs-et-imprimes-a-adopter","status":"publish","type":"post","link":"https:\/\/delphintravel.be\/ro\/tendance-mode-printemps-ete-2025-les-motifs-et-imprimes-a-adopter\/","title":{"rendered":"Tendin\u021be \u00een mod\u0103 prim\u0103var\u0103-var\u0103 2025: modele \u0219i imprimeuri de adoptat"},"content":{"rendered":"<div class=\"kk-star-ratings kksr-auto kksr-align-left kksr-valign-top\"\n    data-payload='{&quot;align&quot;:&quot;left&quot;,&quot;id&quot;:&quot;24&quot;,&quot;slug&quot;:&quot;default&quot;,&quot;valign&quot;:&quot;top&quot;,&quot;ignore&quot;:&quot;&quot;,&quot;reference&quot;:&quot;auto&quot;,&quot;class&quot;:&quot;&quot;,&quot;count&quot;:&quot;0&quot;,&quot;legendonly&quot;:&quot;&quot;,&quot;readonly&quot;:&quot;&quot;,&quot;score&quot;:&quot;0&quot;,&quot;starsonly&quot;:&quot;&quot;,&quot;best&quot;:&quot;5&quot;,&quot;gap&quot;:&quot;5&quot;,&quot;greet&quot;:&quot;Rate this post&quot;,&quot;legend&quot;:&quot;0\\\/5 - (0 votes)&quot;,&quot;size&quot;:&quot;24&quot;,&quot;title&quot;:&quot;Tendance mode printemps-\u00e9t\u00e9 2025 : Les motifs et imprim\u00e9s \u00e0 adopter&quot;,&quot;width&quot;:&quot;0&quot;,&quot;_legend&quot;:&quot;{score}\\\/{best} - ({count} {votes})&quot;,&quot;font_factor&quot;:&quot;1.25&quot;}'>\n            \n<div class=\"kksr-stars\">\n    \n<div class=\"kksr-stars-inactive\">\n            <div class=\"kksr-star\" data-star=\"1\" style=\"padding-right: 5px\">\n            \n\n<div class=\"kksr-icon\" style=\"width: 24px; height: 24px;\"><\/div>\n        <\/div>\n            <div class=\"kksr-star\" data-star=\"2\" style=\"padding-right: 5px\">\n            \n\n<div class=\"kksr-icon\" style=\"width: 24px; height: 24px;\"><\/div>\n        <\/div>\n            <div class=\"kksr-star\" data-star=\"3\" style=\"padding-right: 5px\">\n            \n\n<div class=\"kksr-icon\" style=\"width: 24px; height: 24px;\"><\/div>\n        <\/div>\n            <div class=\"kksr-star\" data-star=\"4\" style=\"padding-right: 5px\">\n            \n\n<div class=\"kksr-icon\" style=\"width: 24px; height: 24px;\"><\/div>\n        <\/div>\n            <div class=\"kksr-star\" data-star=\"5\" style=\"padding-right: 5px\">\n            \n\n<div class=\"kksr-icon\" style=\"width: 24px; height: 24px;\"><\/div>\n        <\/div>\n    <\/div>\n    \n<div class=\"kksr-stars-active\" style=\"width: 0px;\">\n            <div class=\"kksr-star\" style=\"padding-right: 5px\">\n            \n\n<div class=\"kksr-icon\" style=\"width: 24px; height: 24px;\"><\/div>\n        <\/div>\n            <div class=\"kksr-star\" style=\"padding-right: 5px\">\n            \n\n<div class=\"kksr-icon\" style=\"width: 24px; height: 24px;\"><\/div>\n        <\/div>\n            <div class=\"kksr-star\" style=\"padding-right: 5px\">\n            \n\n<div class=\"kksr-icon\" style=\"width: 24px; height: 24px;\"><\/div>\n        <\/div>\n            <div class=\"kksr-star\" style=\"padding-right: 5px\">\n            \n\n<div class=\"kksr-icon\" style=\"width: 24px; height: 24px;\"><\/div>\n        <\/div>\n            <div class=\"kksr-star\" style=\"padding-right: 5px\">\n            \n\n<div class=\"kksr-icon\" style=\"width: 24px; height: 24px;\"><\/div>\n        <\/div>\n    <\/div>\n<\/div>\n                \n\n<div class=\"kksr-legend\" style=\"font-size: 19.2px;\">\n            <span class=\"kksr-muted\">Evalueaz\u0103 aceast\u0103 postare<\/span>\n    <\/div>\n    <\/div>\n<p>Le printemps et l&rsquo;\u00e9t\u00e9 2025 s&rsquo;annoncent comme une saison vibrante, pleine de cr\u00e9ativit\u00e9 et d&rsquo;innovation dans le monde de la mode. Cette ann\u00e9e, les designers tirent parti d&rsquo;une palette vari\u00e9e de motifs et d&rsquo;imprim\u00e9s pour donner vie \u00e0 leurs collections. Les floraux, g\u00e9om\u00e9triques, et autres motifs inspir\u00e9s de la nature sont pr\u00eats \u00e0 dominer les podiums. Commander ces pi\u00e8ces devient une n\u00e9cessit\u00e9 pour toute fashionista d\u00e9sireuse de se d\u00e9marquer. Les imprim\u00e9s ne sont pas seulement esth\u00e9tiques, ils deviennent aussi un moyen d&rsquo;expression individuelle. Chacun peut trouver son style \u00e0 travers une diversit\u00e9 qui s&rsquo;adapte \u00e0 toutes les occasions.<\/p>\n<p>Au fil de cet article, nous allons explorer les tendances incontournables du printemps-\u00e9t\u00e9 2025. Nous mettrons \u00e9galement en lumi\u00e8re des conseils pour int\u00e9grer ces motifs dans votre garde-robe. Pr\u00e9parez-vous \u00e0 d\u00e9couvrir comment faire briller votre style avec des pi\u00e8ces uniques et audacieuses.<\/p>\n<h2>Les motifs floraux revisit\u00e9s<\/h2>\n<p><img decoding=\"async\" alt=\"Femme en chemisier \u00e0 motifs, portant un collier et un bracelet, dans un bureau lumineux avec des plantes.\" src=\"https:\/\/delphintravel.be\/wp-content\/uploads\/2025\/01\/image968fcbe12c194e8c95ad7b29580c9f5b.png\"\/><\/p>\n<p>Les motifs floraux sont un classique de la mode printani\u00e8re, mais en 2025, ils se r\u00e9inventent pour ajouter une touche de modernit\u00e9. Les cr\u00e9ateurs jouent avec des tailles graphiques de fleurs, cr\u00e9ant ainsi des designs plus saisissants. Attendez-vous \u00e0 voir des fleurs surdimensionn\u00e9es appara\u00eetre sur des robes, blouses, et accessoires. Ces motifs apportent une dynamique ludique aux tenues, permettant de c\u00e9l\u00e9brer la beaut\u00e9 de la nature.<\/p>\n<table border=\"1\">\n<tr>\n<th>Type de motif<\/th>\n<th>Caracteristici<\/th>\n<th>Couleurs tendances<\/th>\n<\/tr>\n<tr>\n<td>Floraux<\/td>\n<td>Fleurs surdimensionn\u00e9es<\/td>\n<td>Magenta, Jaune citron<\/td>\n<\/tr>\n<tr>\n<td>G\u00e9om\u00e9triques<\/td>\n<td>Formes asym\u00e9triques<\/td>\n<td>Noir, Blanc, Couleurs vives<\/td>\n<\/tr>\n<tr>\n<td>Nautiques<\/td>\n<td>Rayures et pois<\/td>\n<td>Bleu marin, Rouge, Beige<\/td>\n<\/tr>\n<tr>\n<td>Ethniques<\/td>\n<td>M\u00e9lange de textures et motifs<\/td>\n<td>Multicolore<\/td>\n<\/tr>\n<\/table>\n<h2>Imprim\u00e9s g\u00e9om\u00e9triques : audace et modernit\u00e9<\/h2>\n<p><img decoding=\"async\" alt=\"Un groupe de neuf amis souriants sur la plage, portant des maillots color\u00e9s et des chapeaux, sous le soleil.\" src=\"https:\/\/delphintravel.be\/wp-content\/uploads\/2025\/01\/imagefc5200171af1407cb9575bd98ff3c8f4.png\"\/><\/p>\n<p>Les motifs g\u00e9om\u00e9triques se positionnent comme une alternative audacieuse aux floraux traditionnels. En 2025, ces imprim\u00e9s ne se contenteront pas de rester en arri\u00e8re-plan. Ils occuperont le devant de la sc\u00e8ne, attirant tous les regards. Attendez-vous \u00e0 des motifs bas\u00e9s sur des formes asym\u00e9triques et des combinaisons de couleurs qui cr\u00e9ent des effets d&rsquo;optique. Ces designs innovants peuvent se marier parfaitement avec des coupes modernes, des mati\u00e8res fluides et des styles minimalistes.<\/p>\n<ul>\n<li>Id\u00e9al pour un look contemporain<\/li>\n<li>Peut \u00eatre associ\u00e9 \u00e0 des v\u00eatements unis<\/li>\n<li>R\u00e9serve un effet de sophistication<\/li>\n<\/ul>\n<h2>Inspirations estivales : motifs nautiques<\/h2>\n<p>Les th\u00e8mes marins font leur grand retour. Les motifs nautiques rappellent la mer, apportant une atmosph\u00e8re rafra\u00eechissante et estivale. Les rayures et les pois se combinent pour cr\u00e9er une allure \u00e0 la fois d\u00e9contract\u00e9e et raffin\u00e9e. Ces designs \u00e9voquent des souvenirs de vacances tout en restant sur les tendances actuelles. En int\u00e9grant ces motifs dans votre garde-robe, vous pouvez facilement passer d&rsquo;une journ\u00e9e \u00e0 la plage \u00e0 une soir\u00e9e estivale. Pensez \u00e0 des v\u00eatements qui \u00e9voquent le style marin, tels que des marini\u00e8res et des shorts \u00e0 rayures.<\/p>\n<ul>\n<li>Applications \u00e0 porter toute la saison<\/li>\n<li>Accessoires et sacs avec des motifs marins<\/li>\n<li>Compl\u00e9tez avec des couleurs neutres pour des looks \u00e9quilibr\u00e9s<\/li>\n<\/ul>\n<h2>Les motifs et imprim\u00e9s ethniques<\/h2>\n<p>Les influences culturelles deviennent de plus en plus pr\u00e9sentes sur les podiums, apportant une palette de motifs inspir\u00e9s de traditions diverses. Les imprim\u00e9s ethniques se distinguent par leur richesse de couleurs et leur complexit\u00e9. En 2025, le m\u00e9lange de textures et de couleurs vives cr\u00e9e une allure unique qui attire l&rsquo;\u0153il. Ces motifs sont id\u00e9aux pour celles qui cherchent \u00e0 se d\u00e9marquer avec des looks qui racontent une histoire. La mode se transforme en un v\u00e9ritable langage visuel, permettant d&rsquo;exprimer des affiliations culturelles et des inspirations personnelles.<\/p>\n<h2>Concluzie<\/h2>\n<p>Les tendances en mati\u00e8re de motifs et imprim\u00e9s pour le printemps-\u00e9t\u00e9 2025 offrent un large \u00e9ventail d&rsquo;options pour exprimer votre style unique. Que vous optiez pour des motifs floraux audacieux, des g\u00e9om\u00e9triques accrocheurs ou des inspirations ethniques color\u00e9es, vous ne manquerez pas de faire tourner les t\u00eates. N&rsquo;h\u00e9sitez pas \u00e0 exp\u00e9rimenter avec diff\u00e9rents styles et \u00e0 mixer les tendances pour cr\u00e9er des looks qui refl\u00e8tent votre personnalit\u00e9. Les textiles de cette saison sont une invitation \u00e0 jouer et \u00e0 s&rsquo;exprimer de fa\u00e7on cr\u00e9ative. Prenez ces conseils \u00e0 c\u0153ur et faites le choix de la mode qui vous ressemble !<\/p>\n<h2>\u00centreb\u0103ri frecvente<\/h2>\n<ul>\n<li><strong>Quelles sont les principales tendances en motifs pour le printemps-\u00e9t\u00e9 2025 ?<\/strong> Les motifs floraux, g\u00e9om\u00e9triques, nautiques et ethniques seront \u00e0 l&rsquo;honneur.<\/li>\n<li><strong>Comment porter des motifs audacieux sans en faire trop ?<\/strong> Optez pour une pi\u00e8ce ma\u00eetresse \u00e0 motif et associez-la \u00e0 des v\u00eatements unis pour un \u00e9quilibre.<\/li>\n<li><strong>Les imprim\u00e9s graphiques sont-ils adapt\u00e9s \u00e0 tous les types de silhouette ?<\/strong> Oui, en choisissant des motifs qui flattent votre silhouette, vous pouvez porter ces imprim\u00e9s avec style.<\/li>\n<li><strong>Comment int\u00e9grer des imprim\u00e9s dans une tenue professionnelle ?<\/strong> Int\u00e9grez une chemise ou un accessoire \u00e0 motifs avec une jupe ou un pantalon sobre pour un look chic.<\/li>\n<\/ul>","protected":false},"excerpt":{"rendered":"<p>Le printemps et l&rsquo;\u00e9t\u00e9 2025 s&rsquo;annoncent comme une saison vibrante, pleine de cr\u00e9ativit\u00e9 et d&rsquo;innovation dans le monde de la mode. Cette ann\u00e9e, les&#46;&#46;&#46;<\/p>","protected":false},"author":2,"featured_media":5,"comment_status":"open","ping_status":"open","sticky":false,"template":"","format":"standard","meta":{"_acf_changed":false,"footnotes":""},"categories":[1,2],"tags":[],"class_list":["post-24","post","type-post","status-publish","format-standard","has-post-thumbnail","hentry","category-blog","category-style-personnel"],"acf":[],"yoast_head":"<!-- This site is optimized with the Yoast SEO plugin v23.2 - https:\/\/yoast.com\/wordpress\/plugins\/seo\/ -->\n<title>Tendance Mode Printemps-\u00c9t\u00e9 2025 : Adoptez les Motifs et Imprim\u00e9s Indispensables<\/title>\n<meta name=\"description\" content=\"D\u00e9couvrez les motifs et imprim\u00e9s incontournables pour le printemps-\u00e9t\u00e9 2025 et apprenez \u00e0 les int\u00e9grer \u00e0 votre style unique.\" \/>\n<meta name=\"robots\" content=\"index, follow, max-snippet:-1, max-image-preview:large, max-video-preview:-1\" \/>\n<link rel=\"canonical\" href=\"https:\/\/delphintravel.be\/ro\/tendance-mode-printemps-ete-2025-les-motifs-et-imprimes-a-adopter\/\" \/>\n<meta property=\"og:locale\" content=\"ro_RO\" \/>\n<meta property=\"og:type\" content=\"article\" \/>\n<meta property=\"og:title\" content=\"Tendance Mode Printemps-\u00c9t\u00e9 2025 : Adoptez les Motifs et Imprim\u00e9s Indispensables\" \/>\n<meta property=\"og:description\" content=\"D\u00e9couvrez les motifs et imprim\u00e9s incontournables pour le printemps-\u00e9t\u00e9 2025 et apprenez \u00e0 les int\u00e9grer \u00e0 votre style unique.\" \/>\n<meta property=\"og:url\" content=\"https:\/\/delphintravel.be\/ro\/tendance-mode-printemps-ete-2025-les-motifs-et-imprimes-a-adopter\/\" \/>\n<meta property=\"og:site_name\" content=\"delphintravel.be\" \/>\n<meta property=\"article:published_time\" content=\"2025-01-22T00:00:00+00:00\" \/>\n<meta property=\"article:modified_time\" content=\"2025-04-02T14:03:35+00:00\" \/>\n<meta property=\"og:image\" content=\"https:\/\/delphintravel.be\/wp-content\/uploads\/2025\/01\/imagea12d66807abc40308e9cd027e6914102.png\" \/>\n\t<meta property=\"og:image:width\" content=\"1024\" \/>\n\t<meta property=\"og:image:height\" content=\"768\" \/>\n\t<meta property=\"og:image:type\" content=\"image\/png\" \/>\n<meta name=\"author\" content=\"Mathilde Bonnet\" \/>\n<meta name=\"twitter:card\" content=\"summary_large_image\" \/>\n<meta name=\"twitter:label1\" content=\"Scris de\" \/>\n\t<meta name=\"twitter:data1\" content=\"Mathilde Bonnet\" \/>\n\t<meta name=\"twitter:label2\" content=\"Timp estimat pentru citire\" \/>\n\t<meta name=\"twitter:data2\" content=\"4 minute\" \/>\n<script type=\"application\/ld+json\" class=\"yoast-schema-graph\">{\"@context\":\"https:\/\/schema.org\",\"@graph\":[{\"@type\":\"WebPage\",\"@id\":\"https:\/\/delphintravel.be\/tendance-mode-printemps-ete-2025-les-motifs-et-imprimes-a-adopter\/\",\"url\":\"https:\/\/delphintravel.be\/tendance-mode-printemps-ete-2025-les-motifs-et-imprimes-a-adopter\/\",\"name\":\"Tendance Mode Printemps-\u00c9t\u00e9 2025 : Adoptez les Motifs et Imprim\u00e9s Indispensables\",\"isPartOf\":{\"@id\":\"https:\/\/delphintravel.be\/#website\"},\"primaryImageOfPage\":{\"@id\":\"https:\/\/delphintravel.be\/tendance-mode-printemps-ete-2025-les-motifs-et-imprimes-a-adopter\/#primaryimage\"},\"image\":{\"@id\":\"https:\/\/delphintravel.be\/tendance-mode-printemps-ete-2025-les-motifs-et-imprimes-a-adopter\/#primaryimage\"},\"thumbnailUrl\":\"https:\/\/delphintravel.be\/wp-content\/uploads\/2025\/01\/imagea12d66807abc40308e9cd027e6914102.png\",\"datePublished\":\"2025-01-22T00:00:00+00:00\",\"dateModified\":\"2025-04-02T14:03:35+00:00\",\"author\":{\"@id\":\"https:\/\/delphintravel.be\/#\/schema\/person\/d028c3a46d7572f4d5d9fef66bc57654\"},\"description\":\"D\u00e9couvrez les motifs et imprim\u00e9s incontournables pour le printemps-\u00e9t\u00e9 2025 et apprenez \u00e0 les int\u00e9grer \u00e0 votre style unique.\",\"breadcrumb\":{\"@id\":\"https:\/\/delphintravel.be\/tendance-mode-printemps-ete-2025-les-motifs-et-imprimes-a-adopter\/#breadcrumb\"},\"inLanguage\":\"ro-RO\",\"potentialAction\":[{\"@type\":\"ReadAction\",\"target\":[\"https:\/\/delphintravel.be\/tendance-mode-printemps-ete-2025-les-motifs-et-imprimes-a-adopter\/\"]}]},{\"@type\":\"ImageObject\",\"inLanguage\":\"ro-RO\",\"@id\":\"https:\/\/delphintravel.be\/tendance-mode-printemps-ete-2025-les-motifs-et-imprimes-a-adopter\/#primaryimage\",\"url\":\"https:\/\/delphintravel.be\/wp-content\/uploads\/2025\/01\/imagea12d66807abc40308e9cd027e6914102.png\",\"contentUrl\":\"https:\/\/delphintravel.be\/wp-content\/uploads\/2025\/01\/imagea12d66807abc40308e9cd027e6914102.png\",\"width\":1024,\"height\":768},{\"@type\":\"BreadcrumbList\",\"@id\":\"https:\/\/delphintravel.be\/tendance-mode-printemps-ete-2025-les-motifs-et-imprimes-a-adopter\/#breadcrumb\",\"itemListElement\":[{\"@type\":\"ListItem\",\"position\":1,\"name\":\"Home\",\"item\":\"https:\/\/delphintravel.be\/\"},{\"@type\":\"ListItem\",\"position\":2,\"name\":\"Tendance mode printemps-\u00e9t\u00e9 2025 : Les motifs et imprim\u00e9s \u00e0 adopter\"}]},{\"@type\":\"WebSite\",\"@id\":\"https:\/\/delphintravel.be\/#website\",\"url\":\"https:\/\/delphintravel.be\/\",\"name\":\"delphintravel.be\",\"description\":\"L&#039;Essentiel de la Mode | Restez \u00e9l\u00e9gants gr\u00e2ce \u00e0 nos conseils\",\"potentialAction\":[{\"@type\":\"SearchAction\",\"target\":{\"@type\":\"EntryPoint\",\"urlTemplate\":\"https:\/\/delphintravel.be\/?s={search_term_string}\"},\"query-input\":\"required name=search_term_string\"}],\"inLanguage\":\"ro-RO\"},{\"@type\":\"Person\",\"@id\":\"https:\/\/delphintravel.be\/#\/schema\/person\/d028c3a46d7572f4d5d9fef66bc57654\",\"name\":\"Mathilde Bonnet\",\"image\":{\"@type\":\"ImageObject\",\"inLanguage\":\"ro-RO\",\"@id\":\"https:\/\/delphintravel.be\/#\/schema\/person\/image\/\",\"url\":\"https:\/\/delphintravel.be\/wp-content\/uploads\/2025\/02\/mathilde-bonnet_avatar-96x96.jpg\",\"contentUrl\":\"https:\/\/delphintravel.be\/wp-content\/uploads\/2025\/02\/mathilde-bonnet_avatar-96x96.jpg\",\"caption\":\"Mathilde Bonnet\"},\"description\":\"Mathilde Bonnet voit la mode comme un langage qui allie \u00e9l\u00e9gance et modernit\u00e9. Styliste et r\u00e9dactrice, elle partage son expertise pour aider chacun \u00e0 trouver son style unique tout en adoptant une approche responsable et r\u00e9fl\u00e9chie.\",\"url\":\"https:\/\/delphintravel.be\/ro\/author\/mathilde-bonnet\/\"}]}<\/script>\n<!-- \/ Yoast SEO plugin. -->","yoast_head_json":{"title":"Tendance Mode Printemps-\u00c9t\u00e9 2025 : Adoptez les Motifs et Imprim\u00e9s Indispensables","description":"D\u00e9couvrez les motifs et imprim\u00e9s incontournables pour le printemps-\u00e9t\u00e9 2025 et apprenez \u00e0 les int\u00e9grer \u00e0 votre style unique.","robots":{"index":"index","follow":"follow","max-snippet":"max-snippet:-1","max-image-preview":"max-image-preview:large","max-video-preview":"max-video-preview:-1"},"canonical":"https:\/\/delphintravel.be\/ro\/tendance-mode-printemps-ete-2025-les-motifs-et-imprimes-a-adopter\/","og_locale":"ro_RO","og_type":"article","og_title":"Tendance Mode Printemps-\u00c9t\u00e9 2025 : Adoptez les Motifs et Imprim\u00e9s Indispensables","og_description":"D\u00e9couvrez les motifs et imprim\u00e9s incontournables pour le printemps-\u00e9t\u00e9 2025 et apprenez \u00e0 les int\u00e9grer \u00e0 votre style unique.","og_url":"https:\/\/delphintravel.be\/ro\/tendance-mode-printemps-ete-2025-les-motifs-et-imprimes-a-adopter\/","og_site_name":"delphintravel.be","article_published_time":"2025-01-22T00:00:00+00:00","article_modified_time":"2025-04-02T14:03:35+00:00","og_image":[{"width":1024,"height":768,"url":"https:\/\/delphintravel.be\/wp-content\/uploads\/2025\/01\/imagea12d66807abc40308e9cd027e6914102.png","type":"image\/png"}],"author":"Mathilde Bonnet","twitter_card":"summary_large_image","twitter_misc":{"Scris de":"Mathilde Bonnet","Timp estimat pentru citire":"4 minute"},"schema":{"@context":"https:\/\/schema.org","@graph":[{"@type":"WebPage","@id":"https:\/\/delphintravel.be\/tendance-mode-printemps-ete-2025-les-motifs-et-imprimes-a-adopter\/","url":"https:\/\/delphintravel.be\/tendance-mode-printemps-ete-2025-les-motifs-et-imprimes-a-adopter\/","name":"Tendance Mode Printemps-\u00c9t\u00e9 2025 : Adoptez les Motifs et Imprim\u00e9s Indispensables","isPartOf":{"@id":"https:\/\/delphintravel.be\/#website"},"primaryImageOfPage":{"@id":"https:\/\/delphintravel.be\/tendance-mode-printemps-ete-2025-les-motifs-et-imprimes-a-adopter\/#primaryimage"},"image":{"@id":"https:\/\/delphintravel.be\/tendance-mode-printemps-ete-2025-les-motifs-et-imprimes-a-adopter\/#primaryimage"},"thumbnailUrl":"https:\/\/delphintravel.be\/wp-content\/uploads\/2025\/01\/imagea12d66807abc40308e9cd027e6914102.png","datePublished":"2025-01-22T00:00:00+00:00","dateModified":"2025-04-02T14:03:35+00:00","author":{"@id":"https:\/\/delphintravel.be\/#\/schema\/person\/d028c3a46d7572f4d5d9fef66bc57654"},"description":"D\u00e9couvrez les motifs et imprim\u00e9s incontournables pour le printemps-\u00e9t\u00e9 2025 et apprenez \u00e0 les int\u00e9grer \u00e0 votre style unique.","breadcrumb":{"@id":"https:\/\/delphintravel.be\/tendance-mode-printemps-ete-2025-les-motifs-et-imprimes-a-adopter\/#breadcrumb"},"inLanguage":"ro-RO","potentialAction":[{"@type":"ReadAction","target":["https:\/\/delphintravel.be\/tendance-mode-printemps-ete-2025-les-motifs-et-imprimes-a-adopter\/"]}]},{"@type":"ImageObject","inLanguage":"ro-RO","@id":"https:\/\/delphintravel.be\/tendance-mode-printemps-ete-2025-les-motifs-et-imprimes-a-adopter\/#primaryimage","url":"https:\/\/delphintravel.be\/wp-content\/uploads\/2025\/01\/imagea12d66807abc40308e9cd027e6914102.png","contentUrl":"https:\/\/delphintravel.be\/wp-content\/uploads\/2025\/01\/imagea12d66807abc40308e9cd027e6914102.png","width":1024,"height":768},{"@type":"BreadcrumbList","@id":"https:\/\/delphintravel.be\/tendance-mode-printemps-ete-2025-les-motifs-et-imprimes-a-adopter\/#breadcrumb","itemListElement":[{"@type":"ListItem","position":1,"name":"Home","item":"https:\/\/delphintravel.be\/"},{"@type":"ListItem","position":2,"name":"Tendance mode printemps-\u00e9t\u00e9 2025 : Les motifs et imprim\u00e9s \u00e0 adopter"}]},{"@type":"WebSite","@id":"https:\/\/delphintravel.be\/#website","url":"https:\/\/delphintravel.be\/","name":"delphintravel.be","description":"L&#039;Essentiel de la Mode | Restez \u00e9l\u00e9gants gr\u00e2ce \u00e0 nos conseils","potentialAction":[{"@type":"SearchAction","target":{"@type":"EntryPoint","urlTemplate":"https:\/\/delphintravel.be\/?s={search_term_string}"},"query-input":"required name=search_term_string"}],"inLanguage":"ro-RO"},{"@type":"Person","@id":"https:\/\/delphintravel.be\/#\/schema\/person\/d028c3a46d7572f4d5d9fef66bc57654","name":"Mathilde Bonnet","image":{"@type":"ImageObject","inLanguage":"ro-RO","@id":"https:\/\/delphintravel.be\/#\/schema\/person\/image\/","url":"https:\/\/delphintravel.be\/wp-content\/uploads\/2025\/02\/mathilde-bonnet_avatar-96x96.jpg","contentUrl":"https:\/\/delphintravel.be\/wp-content\/uploads\/2025\/02\/mathilde-bonnet_avatar-96x96.jpg","caption":"Mathilde Bonnet"},"description":"Mathilde Bonnet voit la mode comme un langage qui allie \u00e9l\u00e9gance et modernit\u00e9. Styliste et r\u00e9dactrice, elle partage son expertise pour aider chacun \u00e0 trouver son style unique tout en adoptant une approche responsable et r\u00e9fl\u00e9chie.","url":"https:\/\/delphintravel.be\/ro\/author\/mathilde-bonnet\/"}]}},"yoast_meta":{"yoast_wpseo_title":"","yoast_wpseo_metadesc":"","yoast_wpseo_canonical":"https:\/\/delphintravel.be\/ro\/wp-json\/wp\/v2\/posts\/24"},"_links":{"self":[{"href":"https:\/\/delphintravel.be\/ro\/wp-json\/wp\/v2\/posts\/24","targetHints":{"allow":["GET"]}}],"collection":[{"href":"https:\/\/delphintravel.be\/ro\/wp-json\/wp\/v2\/posts"}],"about":[{"href":"https:\/\/delphintravel.be\/ro\/wp-json\/wp\/v2\/types\/post"}],"author":[{"embeddable":true,"href":"https:\/\/delphintravel.be\/ro\/wp-json\/wp\/v2\/users\/2"}],"replies":[{"embeddable":true,"href":"https:\/\/delphintravel.be\/ro\/wp-json\/wp\/v2\/comments?post=24"}],"version-history":[{"count":2,"href":"https:\/\/delphintravel.be\/ro\/wp-json\/wp\/v2\/posts\/24\/revisions"}],"predecessor-version":[{"id":50,"href":"https:\/\/delphintravel.be\/ro\/wp-json\/wp\/v2\/posts\/24\/revisions\/50"}],"wp:featuredmedia":[{"embeddable":true,"href":"https:\/\/delphintravel.be\/ro\/wp-json\/wp\/v2\/media\/5"}],"wp:attachment":[{"href":"https:\/\/delphintravel.be\/ro\/wp-json\/wp\/v2\/media?parent=24"}],"wp:term":[{"taxonomy":"category","embeddable":true,"href":"https:\/\/delphintravel.be\/ro\/wp-json\/wp\/v2\/categories?post=24"},{"taxonomy":"post_tag","embeddable":true,"href":"https:\/\/delphintravel.be\/ro\/wp-json\/wp\/v2\/tags?post=24"}],"curies":[{"name":"wp","href":"https:\/\/api.w.org\/{rel}","templated":true}]}}