{"id":102,"date":"2025-02-20T00:00:00","date_gmt":"2025-02-20T00:00:00","guid":{"rendered":"https:\/\/delphintravel.be\/?p=102"},"modified":"2025-02-20T00:00:00","modified_gmt":"2025-02-20T00:00:00","slug":"comment-porter-le-pantalon-cargo-en-hiver-tenue-chaude-et-stylee","status":"publish","type":"post","link":"https:\/\/delphintravel.be\/ro\/comment-porter-le-pantalon-cargo-en-hiver-tenue-chaude-et-stylee\/","title":{"rendered":"Cum s\u0103 por\u021bi pantalonii cargo iarna: o \u021binut\u0103 c\u0103lduroas\u0103 \u0219i elegant\u0103"},"content":{"rendered":"<div class=\"kk-star-ratings kksr-auto kksr-align-left kksr-valign-top\"\n    data-payload='{&quot;align&quot;:&quot;left&quot;,&quot;id&quot;:&quot;102&quot;,&quot;slug&quot;:&quot;default&quot;,&quot;valign&quot;:&quot;top&quot;,&quot;ignore&quot;:&quot;&quot;,&quot;reference&quot;:&quot;auto&quot;,&quot;class&quot;:&quot;&quot;,&quot;count&quot;:&quot;0&quot;,&quot;legendonly&quot;:&quot;&quot;,&quot;readonly&quot;:&quot;&quot;,&quot;score&quot;:&quot;0&quot;,&quot;starsonly&quot;:&quot;&quot;,&quot;best&quot;:&quot;5&quot;,&quot;gap&quot;:&quot;5&quot;,&quot;greet&quot;:&quot;Rate this post&quot;,&quot;legend&quot;:&quot;0\\\/5 - (0 votes)&quot;,&quot;size&quot;:&quot;24&quot;,&quot;title&quot;:&quot;Comment porter le pantalon cargo en hiver : Tenue chaude et styl\u00e9e&quot;,&quot;width&quot;:&quot;0&quot;,&quot;_legend&quot;:&quot;{score}\\\/{best} - ({count} {votes})&quot;,&quot;font_factor&quot;:&quot;1.25&quot;}'>\n            \n<div class=\"kksr-stars\">\n    \n<div class=\"kksr-stars-inactive\">\n            <div class=\"kksr-star\" data-star=\"1\" style=\"padding-right: 5px\">\n            \n\n<div class=\"kksr-icon\" style=\"width: 24px; height: 24px;\"><\/div>\n        <\/div>\n            <div class=\"kksr-star\" data-star=\"2\" style=\"padding-right: 5px\">\n            \n\n<div class=\"kksr-icon\" style=\"width: 24px; height: 24px;\"><\/div>\n        <\/div>\n            <div class=\"kksr-star\" data-star=\"3\" style=\"padding-right: 5px\">\n            \n\n<div class=\"kksr-icon\" style=\"width: 24px; height: 24px;\"><\/div>\n        <\/div>\n            <div class=\"kksr-star\" data-star=\"4\" style=\"padding-right: 5px\">\n            \n\n<div class=\"kksr-icon\" style=\"width: 24px; height: 24px;\"><\/div>\n        <\/div>\n            <div class=\"kksr-star\" data-star=\"5\" style=\"padding-right: 5px\">\n            \n\n<div class=\"kksr-icon\" style=\"width: 24px; height: 24px;\"><\/div>\n        <\/div>\n    <\/div>\n    \n<div class=\"kksr-stars-active\" style=\"width: 0px;\">\n            <div class=\"kksr-star\" style=\"padding-right: 5px\">\n            \n\n<div class=\"kksr-icon\" style=\"width: 24px; height: 24px;\"><\/div>\n        <\/div>\n            <div class=\"kksr-star\" style=\"padding-right: 5px\">\n            \n\n<div class=\"kksr-icon\" style=\"width: 24px; height: 24px;\"><\/div>\n        <\/div>\n            <div class=\"kksr-star\" style=\"padding-right: 5px\">\n            \n\n<div class=\"kksr-icon\" style=\"width: 24px; height: 24px;\"><\/div>\n        <\/div>\n            <div class=\"kksr-star\" style=\"padding-right: 5px\">\n            \n\n<div class=\"kksr-icon\" style=\"width: 24px; height: 24px;\"><\/div>\n        <\/div>\n            <div class=\"kksr-star\" style=\"padding-right: 5px\">\n            \n\n<div class=\"kksr-icon\" style=\"width: 24px; height: 24px;\"><\/div>\n        <\/div>\n    <\/div>\n<\/div>\n                \n\n<div class=\"kksr-legend\" style=\"font-size: 19.2px;\">\n            <span class=\"kksr-muted\">Evalueaz\u0103 aceast\u0103 postare<\/span>\n    <\/div>\n    <\/div>\n<p> Le pantalon cargo, avec son esprit utilitaire et fonctionnel, fait son retour en force dans la mode hivernale. Contrairement \u00e0 l&rsquo;id\u00e9e re\u00e7ue selon laquelle il ne s&rsquo;adresse qu&rsquo;aux saisons plus chaudes, il dispose d&rsquo;une polyvalence exceptionnelle qui permet de le porter tout au long de l&rsquo;ann\u00e9e. Ce v\u00eatement embl\u00e9matique allie praticit\u00e9 et style, ce qui en fait un incontournable pour ceux d&rsquo;entre nous qui souhaitent rester confortables et tendance. Comment alors l&rsquo;int\u00e9grer dans votre garde-robe d&rsquo;hiver ? Dans cet article, nous r\u00e9pondrons \u00e0 cette question tout en vous proposant des id\u00e9es de tenues. <\/p>\n<h2>Les mat\u00e9riaux et textures id\u00e9aux pour l&rsquo;hiver<\/h2>\n<p><img decoding=\"async\" alt=\"Un groupe de six amis souriants se tient devant des stands de march\u00e9 en hiver, entour\u00e9s de neige et de d\u00e9corations festives.\" src=\"https:\/\/delphintravel.be\/wp-content\/uploads\/2025\/02\/imagef0b5069bb8b14ae69f13784612836797.png\"\/><\/p>\n<p> Pour profiter pleinement de votre pantalon cargo en hiver, il est crucial de choisir le bon mat\u00e9riau. Les tissus qui offrent non seulement chaleur, mais aussi style, sont des atouts majeurs. Il est recommand\u00e9 de privil\u00e9gier le coton \u00e9pais, les m\u00e9langes de laine et le nylon matelass\u00e9. Ces mat\u00e9riaux garantissent non seulement une isolation efficace, mais permettent \u00e9galement de rester \u00e9l\u00e9gant, m\u00eame lors des journ\u00e9es les plus froides. En faisant le bon choix, vous pr\u00e9parerez un look hivernal qui allie confort et sophistication. <\/p>\n<h2>Associer le pantalon cargo avec des couches<\/h2>\n<p><img decoding=\"async\" alt=\"Un gros plan sur un pantalon beige avec des poches, port\u00e9 dans un int\u00e9rieur lumineux avec des plantes.\" src=\"https:\/\/delphintravel.be\/wp-content\/uploads\/2025\/02\/image3859987ab5244ce89fb0a46e733c0a09.png\"\/><\/p>\n<p> Superposer des v\u00eatements est la strat\u00e9gie la plus efficace pour cr\u00e9er une tenue d&rsquo;hiver harmonieuse. En jouant avec diff\u00e9rentes couches, vous pouvez adapter votre look en fonction de la temp\u00e9rature et de l&rsquo;occasion. Commencez par choisir des pi\u00e8ces de base qui apporteront chaleur et style. <\/p>\n<ul>\n<li>T-shirts \u00e0 manches longues en coton ou en laine<\/li>\n<li>Pulls fins ou \u00e9pais pour un confort accru<\/li>\n<li>Sweatshirts pour un look d\u00e9contract\u00e9<\/li>\n<\/ul>\n<p> Ajoutez ensuite une couche interm\u00e9diaire pour plus de chaleur. Un bon choix pourrait \u00eatre un sweat \u00e0 capuche douillet ou un gilet en laine. Ces \u00e9l\u00e9ments polyvalents non seulement am\u00e9liorent la chaleur, mais ajoutent \u00e9galement une dimension styl\u00e9e \u00e0 votre tenue. Enfin, n&rsquo;oubliez pas de terminer avec une veste appropri\u00e9e selon l&rsquo;occasion \u2013 qu&rsquo;il s&rsquo;agisse d&rsquo;une doudoune styl\u00e9e ou d&rsquo;un manteau classique. <\/p>\n<table border=\"1\">\n<tr>\n<th>Type de tissu<\/th>\n<th>Avantages<\/th>\n<\/tr>\n<tr>\n<td>Coton \u00e9pais<\/td>\n<td>Respirabilit\u00e9 et confort<\/td>\n<\/tr>\n<tr>\n<td>Laine m\u00e9lang\u00e9e<\/td>\n<td>Chaleur et \u00e9l\u00e9gance<\/td>\n<\/tr>\n<tr>\n<td>Nylon matelass\u00e9<\/td>\n<td>Imperm\u00e9abilit\u00e9 et l\u00e9g\u00e8ret\u00e9<\/td>\n<\/tr>\n<\/table>\n<h2>Accessoires pour rehausser votre tenue<\/h2>\n<p> Pour compl\u00e9ter votre tenue hivernale avec un pantalon cargo, les accessoires sont essentiels. Ils permettent de personnaliser votre look tout en ajoutant une touche d&rsquo;\u00e9l\u00e9gance \u00e0 votre ensemble. Commencez par des bonnets et des \u00e9charpes qui non seulement vous gardent au chaud, mais peuvent \u00e9galement faire un v\u00e9ritable statement de mode. <\/p>\n<ul>\n<li>Bonnets en laine pour le confort<\/li>\n<li>\u00c9charpes longues pour une protection optimale<\/li>\n<li>Couleurs coordonn\u00e9es avec le pantalon pour un look chic<\/li>\n<\/ul>\n<p> N&rsquo;oubliez pas vos chaussures ; elles doivent \u00eatre \u00e0 la fois fonctionnelles et styl\u00e9es. Les bottes en cuir, les sneakers robustes ou les chaussures de randonn\u00e9e peuvent compl\u00e9ter votre look tout en offrant la chaleur n\u00e9cessaire. Choisissez-les en fonction de l&rsquo;activit\u00e9 pr\u00e9vue et du style que vous souhaitez afficher. <\/p>\n<h2>Conseils pour choisir le bon pantalon cargo<\/h2>\n<p> Le choix du bon pantalon cargo est indispensable pour maximiser votre style. En ce qui concerne la coupe, veillez \u00e0 choisir une forme qui flatte votre silhouette tout en vous permettant de bouger librement. Les mod\u00e8les slim et regular sont souvent pris\u00e9s car ils se marient bien avec la plupart des tenues. <\/p>\n<ul>\n<li>Coupe slim pour un look moderne<\/li>\n<li>Coupe regular pour un confort accru<\/li>\n<li>Coupe loose pour un style d\u00e9contract\u00e9<\/li>\n<\/ul>\n<p> En ce qui concerne les couleurs, optez pour des teintes sombres comme le noir, le gris ou le vert olive. Ces choix sont non seulement polyvalents, mais ils pr\u00eatent \u00e9galement \u00e0 une impression chic pendant l&rsquo;hiver, et ils se combinent facilement avec d&rsquo;autres couleurs. <\/p>\n<h2>Concluzie<\/h2>\n<p> Le pantalon cargo peut \u00eatre un excellent ajout \u00e0 votre garde-robe d&rsquo;hiver. En le combinant avec les bonnes couches, accessoires et en veillant \u00e0 choisir les bons mat\u00e9riaux, vous pouvez rester au chaud sans sacrifier votre style. La cl\u00e9 r\u00e9side dans l\u2019art de l\u2019assemblage et la personnalisation de votre tenue. Avec ces conseils, pr\u00e9parez-vous \u00e0 braver le froid tout en \u00e9tant \u00e0 la pointe de la mode. <\/p>\n<h2>\u00centreb\u0103ri frecvente<\/h2>\n<ul>\n<li><strong>Peut-on porter un pantalon cargo en soir\u00e9e ?<\/strong> Oui, en le combinant avec une chemise habill\u00e9e et des chaussures \u00e9l\u00e9gantes, le pantalon cargo peut \u00eatre adapt\u00e9 pour une soir\u00e9e.<\/li>\n<li><strong>Quelles mati\u00e8res privil\u00e9gier pour un pantalon cargo d\u2019hiver ?<\/strong> Les mati\u00e8res comme le coton \u00e9pais, la laine m\u00e9lang\u00e9e ou le nylon avec doublure sont recommand\u00e9es pour plus de chaleur.<\/li>\n<li><strong>Quels types de chaussures sont recommand\u00e9s avec un pantalon cargo ?<\/strong> Des bottes en cuir, des sneakers robustes ou des chaussures de randonn\u00e9e adapt\u00e9es \u00e0 la saison.<\/li>\n<li><strong>Le pantalon cargo va-t-il \u00e0 toutes les morphologies ?<\/strong> Oui, avec la bonne coupe et les bons accessoires, il peut convenir \u00e0 toutes les silhouettes.<\/li>\n<li><strong>Comment styliser le pantalon cargo pour un look d\u00e9contract\u00e9 ?<\/strong> Associez-le avec un t-shirt graphique et une veste en denim pour un look casual.<\/li>\n<\/ul>","protected":false},"excerpt":{"rendered":"<p>Le pantalon cargo, avec son esprit utilitaire et fonctionnel, fait son retour en force dans la mode hivernale. Contrairement \u00e0 l&rsquo;id\u00e9e re\u00e7ue selon laquelle&#46;&#46;&#46;<\/p>","protected":false},"author":1,"featured_media":86,"comment_status":"open","ping_status":"open","sticky":false,"template":"","format":"standard","meta":{"_acf_changed":false,"footnotes":""},"categories":[1],"tags":[],"class_list":["post-102","post","type-post","status-publish","format-standard","has-post-thumbnail","hentry","category-blog"],"acf":[],"yoast_head":"<!-- This site is optimized with the Yoast SEO plugin v23.2 - https:\/\/yoast.com\/wordpress\/plugins\/seo\/ -->\n<title>Comment porter le pantalon cargo en hiver : Guide de style chaud et tendance<\/title>\n<meta name=\"description\" content=\"D\u00e9couvrez comment porter le pantalon cargo en hiver avec des astuces pour rester au chaud et styl\u00e9 tout au long de la saison.\" \/>\n<meta name=\"robots\" content=\"index, follow, max-snippet:-1, max-image-preview:large, max-video-preview:-1\" \/>\n<link rel=\"canonical\" href=\"https:\/\/delphintravel.be\/ro\/comment-porter-le-pantalon-cargo-en-hiver-tenue-chaude-et-stylee\/\" \/>\n<meta property=\"og:locale\" content=\"ro_RO\" \/>\n<meta property=\"og:type\" content=\"article\" \/>\n<meta property=\"og:title\" content=\"Comment porter le pantalon cargo en hiver : Guide de style chaud et tendance\" \/>\n<meta property=\"og:description\" content=\"D\u00e9couvrez comment porter le pantalon cargo en hiver avec des astuces pour rester au chaud et styl\u00e9 tout au long de la saison.\" \/>\n<meta property=\"og:url\" content=\"https:\/\/delphintravel.be\/ro\/comment-porter-le-pantalon-cargo-en-hiver-tenue-chaude-et-stylee\/\" \/>\n<meta property=\"og:site_name\" content=\"delphintravel.be\" \/>\n<meta property=\"article:published_time\" content=\"2025-02-20T00:00:00+00:00\" \/>\n<meta property=\"og:image\" content=\"https:\/\/delphintravel.be\/wp-content\/uploads\/2025\/02\/image0a4df9cf63d74fa3b9329bec335db0ac.png\" \/>\n\t<meta property=\"og:image:width\" content=\"1024\" \/>\n\t<meta property=\"og:image:height\" content=\"768\" \/>\n\t<meta property=\"og:image:type\" content=\"image\/png\" \/>\n<meta name=\"author\" content=\"Sophie Renard\" \/>\n<meta name=\"twitter:card\" content=\"summary_large_image\" \/>\n<meta name=\"twitter:label1\" content=\"Scris de\" \/>\n\t<meta name=\"twitter:data1\" content=\"Sophie Renard\" \/>\n\t<meta name=\"twitter:label2\" content=\"Timp estimat pentru citire\" \/>\n\t<meta name=\"twitter:data2\" content=\"4 minute\" \/>\n<script type=\"application\/ld+json\" class=\"yoast-schema-graph\">{\"@context\":\"https:\/\/schema.org\",\"@graph\":[{\"@type\":\"WebPage\",\"@id\":\"https:\/\/delphintravel.be\/comment-porter-le-pantalon-cargo-en-hiver-tenue-chaude-et-stylee\/\",\"url\":\"https:\/\/delphintravel.be\/comment-porter-le-pantalon-cargo-en-hiver-tenue-chaude-et-stylee\/\",\"name\":\"Comment porter le pantalon cargo en hiver : Guide de style chaud et tendance\",\"isPartOf\":{\"@id\":\"https:\/\/delphintravel.be\/#website\"},\"primaryImageOfPage\":{\"@id\":\"https:\/\/delphintravel.be\/comment-porter-le-pantalon-cargo-en-hiver-tenue-chaude-et-stylee\/#primaryimage\"},\"image\":{\"@id\":\"https:\/\/delphintravel.be\/comment-porter-le-pantalon-cargo-en-hiver-tenue-chaude-et-stylee\/#primaryimage\"},\"thumbnailUrl\":\"https:\/\/delphintravel.be\/wp-content\/uploads\/2025\/02\/image0a4df9cf63d74fa3b9329bec335db0ac.png\",\"datePublished\":\"2025-02-20T00:00:00+00:00\",\"dateModified\":\"2025-02-20T00:00:00+00:00\",\"author\":{\"@id\":\"https:\/\/delphintravel.be\/#\/schema\/person\/0941e65049164954c8d22f2db869734d\"},\"description\":\"D\u00e9couvrez comment porter le pantalon cargo en hiver avec des astuces pour rester au chaud et styl\u00e9 tout au long de la saison.\",\"breadcrumb\":{\"@id\":\"https:\/\/delphintravel.be\/comment-porter-le-pantalon-cargo-en-hiver-tenue-chaude-et-stylee\/#breadcrumb\"},\"inLanguage\":\"ro-RO\",\"potentialAction\":[{\"@type\":\"ReadAction\",\"target\":[\"https:\/\/delphintravel.be\/comment-porter-le-pantalon-cargo-en-hiver-tenue-chaude-et-stylee\/\"]}]},{\"@type\":\"ImageObject\",\"inLanguage\":\"ro-RO\",\"@id\":\"https:\/\/delphintravel.be\/comment-porter-le-pantalon-cargo-en-hiver-tenue-chaude-et-stylee\/#primaryimage\",\"url\":\"https:\/\/delphintravel.be\/wp-content\/uploads\/2025\/02\/image0a4df9cf63d74fa3b9329bec335db0ac.png\",\"contentUrl\":\"https:\/\/delphintravel.be\/wp-content\/uploads\/2025\/02\/image0a4df9cf63d74fa3b9329bec335db0ac.png\",\"width\":1024,\"height\":768},{\"@type\":\"BreadcrumbList\",\"@id\":\"https:\/\/delphintravel.be\/comment-porter-le-pantalon-cargo-en-hiver-tenue-chaude-et-stylee\/#breadcrumb\",\"itemListElement\":[{\"@type\":\"ListItem\",\"position\":1,\"name\":\"Home\",\"item\":\"https:\/\/delphintravel.be\/\"},{\"@type\":\"ListItem\",\"position\":2,\"name\":\"Comment porter le pantalon cargo en hiver : Tenue chaude et styl\u00e9e\"}]},{\"@type\":\"WebSite\",\"@id\":\"https:\/\/delphintravel.be\/#website\",\"url\":\"https:\/\/delphintravel.be\/\",\"name\":\"delphintravel.be\",\"description\":\"L&#039;Essentiel de la Mode | Restez \u00e9l\u00e9gants gr\u00e2ce \u00e0 nos conseils\",\"potentialAction\":[{\"@type\":\"SearchAction\",\"target\":{\"@type\":\"EntryPoint\",\"urlTemplate\":\"https:\/\/delphintravel.be\/?s={search_term_string}\"},\"query-input\":\"required name=search_term_string\"}],\"inLanguage\":\"ro-RO\"},{\"@type\":\"Person\",\"@id\":\"https:\/\/delphintravel.be\/#\/schema\/person\/0941e65049164954c8d22f2db869734d\",\"name\":\"Sophie Renard\",\"image\":{\"@type\":\"ImageObject\",\"inLanguage\":\"ro-RO\",\"@id\":\"https:\/\/delphintravel.be\/#\/schema\/person\/image\/\",\"url\":\"https:\/\/delphintravel.be\/wp-content\/uploads\/2025\/02\/xjguelxaus3_ad_avatar-96x96.jpg\",\"contentUrl\":\"https:\/\/delphintravel.be\/wp-content\/uploads\/2025\/02\/xjguelxaus3_ad_avatar-96x96.jpg\",\"caption\":\"Sophie Renard\"},\"description\":\"Sophie Renard, passionn\u00e9e de mode depuis son enfance \u00e0 Marseille, allie \u00e9l\u00e9gance, confort et originalit\u00e9 dans ses analyses et conseils. Dipl\u00f4m\u00e9e en stylisme et communication, elle a travaill\u00e9 avec des cr\u00e9ateurs et des magazines sp\u00e9cialis\u00e9s.\",\"url\":\"https:\/\/delphintravel.be\/ro\/author\/sophie-renard\/\"}]}<\/script>\n<!-- \/ Yoast SEO plugin. -->","yoast_head_json":{"title":"Comment porter le pantalon cargo en hiver : Guide de style chaud et tendance","description":"D\u00e9couvrez comment porter le pantalon cargo en hiver avec des astuces pour rester au chaud et styl\u00e9 tout au long de la saison.","robots":{"index":"index","follow":"follow","max-snippet":"max-snippet:-1","max-image-preview":"max-image-preview:large","max-video-preview":"max-video-preview:-1"},"canonical":"https:\/\/delphintravel.be\/ro\/comment-porter-le-pantalon-cargo-en-hiver-tenue-chaude-et-stylee\/","og_locale":"ro_RO","og_type":"article","og_title":"Comment porter le pantalon cargo en hiver : Guide de style chaud et tendance","og_description":"D\u00e9couvrez comment porter le pantalon cargo en hiver avec des astuces pour rester au chaud et styl\u00e9 tout au long de la saison.","og_url":"https:\/\/delphintravel.be\/ro\/comment-porter-le-pantalon-cargo-en-hiver-tenue-chaude-et-stylee\/","og_site_name":"delphintravel.be","article_published_time":"2025-02-20T00:00:00+00:00","og_image":[{"width":1024,"height":768,"url":"https:\/\/delphintravel.be\/wp-content\/uploads\/2025\/02\/image0a4df9cf63d74fa3b9329bec335db0ac.png","type":"image\/png"}],"author":"Sophie Renard","twitter_card":"summary_large_image","twitter_misc":{"Scris de":"Sophie Renard","Timp estimat pentru citire":"4 minute"},"schema":{"@context":"https:\/\/schema.org","@graph":[{"@type":"WebPage","@id":"https:\/\/delphintravel.be\/comment-porter-le-pantalon-cargo-en-hiver-tenue-chaude-et-stylee\/","url":"https:\/\/delphintravel.be\/comment-porter-le-pantalon-cargo-en-hiver-tenue-chaude-et-stylee\/","name":"Comment porter le pantalon cargo en hiver : Guide de style chaud et tendance","isPartOf":{"@id":"https:\/\/delphintravel.be\/#website"},"primaryImageOfPage":{"@id":"https:\/\/delphintravel.be\/comment-porter-le-pantalon-cargo-en-hiver-tenue-chaude-et-stylee\/#primaryimage"},"image":{"@id":"https:\/\/delphintravel.be\/comment-porter-le-pantalon-cargo-en-hiver-tenue-chaude-et-stylee\/#primaryimage"},"thumbnailUrl":"https:\/\/delphintravel.be\/wp-content\/uploads\/2025\/02\/image0a4df9cf63d74fa3b9329bec335db0ac.png","datePublished":"2025-02-20T00:00:00+00:00","dateModified":"2025-02-20T00:00:00+00:00","author":{"@id":"https:\/\/delphintravel.be\/#\/schema\/person\/0941e65049164954c8d22f2db869734d"},"description":"D\u00e9couvrez comment porter le pantalon cargo en hiver avec des astuces pour rester au chaud et styl\u00e9 tout au long de la saison.","breadcrumb":{"@id":"https:\/\/delphintravel.be\/comment-porter-le-pantalon-cargo-en-hiver-tenue-chaude-et-stylee\/#breadcrumb"},"inLanguage":"ro-RO","potentialAction":[{"@type":"ReadAction","target":["https:\/\/delphintravel.be\/comment-porter-le-pantalon-cargo-en-hiver-tenue-chaude-et-stylee\/"]}]},{"@type":"ImageObject","inLanguage":"ro-RO","@id":"https:\/\/delphintravel.be\/comment-porter-le-pantalon-cargo-en-hiver-tenue-chaude-et-stylee\/#primaryimage","url":"https:\/\/delphintravel.be\/wp-content\/uploads\/2025\/02\/image0a4df9cf63d74fa3b9329bec335db0ac.png","contentUrl":"https:\/\/delphintravel.be\/wp-content\/uploads\/2025\/02\/image0a4df9cf63d74fa3b9329bec335db0ac.png","width":1024,"height":768},{"@type":"BreadcrumbList","@id":"https:\/\/delphintravel.be\/comment-porter-le-pantalon-cargo-en-hiver-tenue-chaude-et-stylee\/#breadcrumb","itemListElement":[{"@type":"ListItem","position":1,"name":"Home","item":"https:\/\/delphintravel.be\/"},{"@type":"ListItem","position":2,"name":"Comment porter le pantalon cargo en hiver : Tenue chaude et styl\u00e9e"}]},{"@type":"WebSite","@id":"https:\/\/delphintravel.be\/#website","url":"https:\/\/delphintravel.be\/","name":"delphintravel.be","description":"L&#039;Essentiel de la Mode | Restez \u00e9l\u00e9gants gr\u00e2ce \u00e0 nos conseils","potentialAction":[{"@type":"SearchAction","target":{"@type":"EntryPoint","urlTemplate":"https:\/\/delphintravel.be\/?s={search_term_string}"},"query-input":"required name=search_term_string"}],"inLanguage":"ro-RO"},{"@type":"Person","@id":"https:\/\/delphintravel.be\/#\/schema\/person\/0941e65049164954c8d22f2db869734d","name":"Sophie Renard","image":{"@type":"ImageObject","inLanguage":"ro-RO","@id":"https:\/\/delphintravel.be\/#\/schema\/person\/image\/","url":"https:\/\/delphintravel.be\/wp-content\/uploads\/2025\/02\/xjguelxaus3_ad_avatar-96x96.jpg","contentUrl":"https:\/\/delphintravel.be\/wp-content\/uploads\/2025\/02\/xjguelxaus3_ad_avatar-96x96.jpg","caption":"Sophie Renard"},"description":"Sophie Renard, passionn\u00e9e de mode depuis son enfance \u00e0 Marseille, allie \u00e9l\u00e9gance, confort et originalit\u00e9 dans ses analyses et conseils. Dipl\u00f4m\u00e9e en stylisme et communication, elle a travaill\u00e9 avec des cr\u00e9ateurs et des magazines sp\u00e9cialis\u00e9s.","url":"https:\/\/delphintravel.be\/ro\/author\/sophie-renard\/"}]}},"yoast_meta":{"yoast_wpseo_title":"","yoast_wpseo_metadesc":"","yoast_wpseo_canonical":"https:\/\/delphintravel.be\/ro\/wp-json\/wp\/v2\/posts\/102"},"_links":{"self":[{"href":"https:\/\/delphintravel.be\/ro\/wp-json\/wp\/v2\/posts\/102","targetHints":{"allow":["GET"]}}],"collection":[{"href":"https:\/\/delphintravel.be\/ro\/wp-json\/wp\/v2\/posts"}],"about":[{"href":"https:\/\/delphintravel.be\/ro\/wp-json\/wp\/v2\/types\/post"}],"author":[{"embeddable":true,"href":"https:\/\/delphintravel.be\/ro\/wp-json\/wp\/v2\/users\/1"}],"replies":[{"embeddable":true,"href":"https:\/\/delphintravel.be\/ro\/wp-json\/wp\/v2\/comments?post=102"}],"version-history":[{"count":1,"href":"https:\/\/delphintravel.be\/ro\/wp-json\/wp\/v2\/posts\/102\/revisions"}],"predecessor-version":[{"id":103,"href":"https:\/\/delphintravel.be\/ro\/wp-json\/wp\/v2\/posts\/102\/revisions\/103"}],"wp:featuredmedia":[{"embeddable":true,"href":"https:\/\/delphintravel.be\/ro\/wp-json\/wp\/v2\/media\/86"}],"wp:attachment":[{"href":"https:\/\/delphintravel.be\/ro\/wp-json\/wp\/v2\/media?parent=102"}],"wp:term":[{"taxonomy":"category","embeddable":true,"href":"https:\/\/delphintravel.be\/ro\/wp-json\/wp\/v2\/categories?post=102"},{"taxonomy":"post_tag","embeddable":true,"href":"https:\/\/delphintravel.be\/ro\/wp-json\/wp\/v2\/tags?post=102"}],"curies":[{"name":"wp","href":"https:\/\/api.w.org\/{rel}","templated":true}]}}